{"id":1441,"date":"2019-03-13T10:06:42","date_gmt":"2019-03-13T10:06:42","guid":{"rendered":"http:\/\/www.lookcomposites.com\/?p=1441"},"modified":"2019-03-13T10:14:09","modified_gmt":"2019-03-13T10:14:09","slug":"20minutos-the-umbracle-of-arts-and-sciences-opens-a-photographic-point-for-tourists-with-giant-letters","status":"publish","type":"post","link":"http:\/\/www.lookcomposites.com\/?p=1441&lang=en","title":{"rendered":"20Minutos: \u00abThe Umbracle of Arts and Sciences opens a photographic point for tourists with giant letters\u00bb"},"content":{"rendered":"<div id=\"tw-target-text-container\" class=\"gsrt tw-ta-container tw-nfl\">\n<p id=\"tw-target-text\" class=\"tw-data-text tw-ta tw-text-small\" dir=\"ltr\" data-placeholder=\"Traducci\u00f3n\"><span lang=\"en\" tabindex=\"0\">The Umbracle of the City of Arts and Sciences of Valencia has released a photographic point for tourists with a chain of giant letters of its name in the garden viewpoint, as a brand image and identifying element.<\/span><\/p>\n<pre class=\"tw-data-text tw-ta tw-text-small\" lang=\"en\"><\/pre>\n<\/div>\n<p>&nbsp;<\/p>\n<p>&nbsp;<\/p>\n<p><img loading=\"lazy\" decoding=\"async\" data-attachment-id=\"1426\" data-permalink=\"http:\/\/www.lookcomposites.com\/?attachment_id=1426\" data-orig-file=\"https:\/\/i1.wp.com\/www.lookcomposites.com\/wp-content\/uploads\/2019\/03\/887238-600-338.jpg?fit=600%2C338\" data-orig-size=\"600,338\" data-comments-opened=\"1\" data-image-meta=\"{&quot;aperture&quot;:&quot;0&quot;,&quot;credit&quot;:&quot;&quot;,&quot;camera&quot;:&quot;&quot;,&quot;caption&quot;:&quot;&quot;,&quot;created_timestamp&quot;:&quot;0&quot;,&quot;copyright&quot;:&quot;&quot;,&quot;focal_length&quot;:&quot;0&quot;,&quot;iso&quot;:&quot;0&quot;,&quot;shutter_speed&quot;:&quot;0&quot;,&quot;title&quot;:&quot;&quot;,&quot;orientation&quot;:&quot;0&quot;}\" data-image-title=\"887238-600-338\" data-image-description=\"\" data-medium-file=\"https:\/\/i1.wp.com\/www.lookcomposites.com\/wp-content\/uploads\/2019\/03\/887238-600-338.jpg?fit=300%2C169\" data-large-file=\"https:\/\/i1.wp.com\/www.lookcomposites.com\/wp-content\/uploads\/2019\/03\/887238-600-338.jpg?fit=600%2C338\" class=\"alignnone size-full wp-image-1426\" src=\"https:\/\/i1.wp.com\/www.lookcomposites.com\/wp-content\/uploads\/2019\/03\/887238-600-338.jpg?resize=600%2C338\" alt=\"\" width=\"600\" height=\"338\" srcset=\"https:\/\/i1.wp.com\/www.lookcomposites.com\/wp-content\/uploads\/2019\/03\/887238-600-338.jpg?w=600 600w, https:\/\/i1.wp.com\/www.lookcomposites.com\/wp-content\/uploads\/2019\/03\/887238-600-338.jpg?resize=300%2C169 300w\" sizes=\"auto, (max-width: 600px) 100vw, 600px\" data-recalc-dims=\"1\" \/><\/p>\n<p>&nbsp;<\/p>\n<p>&nbsp;<\/p>\n<div id=\"tw-target-text-container\" class=\"gsrt tw-ta-container tw-nfl\">\n<p id=\"tw-target-text\" class=\"tw-data-text tw-ta tw-text-small\" dir=\"ltr\" data-placeholder=\"Traducci\u00f3n\"><span lang=\"en\" tabindex=\"0\">The rest of the buildings of the complex will also install their name in capital letters to attract the attention of visitors, the Generalitat said in a statement. During the next few weeks, the posters will be installed at the Palau de les Arts Reina Sof\u00eda, the Hemisf\u00e8ric and the Museu de les Ci\u00e8ncies Pr\u00edncipe Felipe. These giant chains will be illuminated with LED technology and will be located inside the ponds adjacent to each space, with the exception of those of the Umbracle. The letters are fiberglass and measure 1.8 meters high and 0.4 wide.<\/span><\/p>\n<pre class=\"tw-data-text tw-ta tw-text-small\" lang=\"en\"><\/pre>\n<\/div>\n<p>See more:\u00a0<a href=\"https:\/\/www.20minutos.es\/noticia\/3564384\/0\/umbracle-artes-ciencias-estrena-punto-fotografico-para-turistas-con-letras-gigantes\/#xtor=AD-15&amp;xts=467263\">20minutos<\/a><\/p>\n<p>&nbsp;<\/p>\n<p>&nbsp;<\/p>\n<p><img loading=\"lazy\" decoding=\"async\" data-attachment-id=\"1429\" data-permalink=\"http:\/\/www.lookcomposites.com\/?attachment_id=1429\" data-orig-file=\"https:\/\/i0.wp.com\/www.lookcomposites.com\/wp-content\/uploads\/2019\/03\/4794c485-d63e-464f-9c23-567cc44f17da.jpg?fit=768%2C768\" data-orig-size=\"768,768\" data-comments-opened=\"1\" data-image-meta=\"{&quot;aperture&quot;:&quot;0&quot;,&quot;credit&quot;:&quot;&quot;,&quot;camera&quot;:&quot;&quot;,&quot;caption&quot;:&quot;&quot;,&quot;created_timestamp&quot;:&quot;0&quot;,&quot;copyright&quot;:&quot;&quot;,&quot;focal_length&quot;:&quot;0&quot;,&quot;iso&quot;:&quot;0&quot;,&quot;shutter_speed&quot;:&quot;0&quot;,&quot;title&quot;:&quot;&quot;,&quot;orientation&quot;:&quot;0&quot;}\" data-image-title=\"4794c485-d63e-464f-9c23-567cc44f17da\" data-image-description=\"\" data-medium-file=\"https:\/\/i0.wp.com\/www.lookcomposites.com\/wp-content\/uploads\/2019\/03\/4794c485-d63e-464f-9c23-567cc44f17da.jpg?fit=300%2C300\" data-large-file=\"https:\/\/i0.wp.com\/www.lookcomposites.com\/wp-content\/uploads\/2019\/03\/4794c485-d63e-464f-9c23-567cc44f17da.jpg?fit=768%2C768\" class=\"alignnone size-full wp-image-1429\" src=\"https:\/\/i0.wp.com\/www.lookcomposites.com\/wp-content\/uploads\/2019\/03\/4794c485-d63e-464f-9c23-567cc44f17da.jpg?resize=768%2C768\" alt=\"\" width=\"768\" height=\"768\" srcset=\"https:\/\/i0.wp.com\/www.lookcomposites.com\/wp-content\/uploads\/2019\/03\/4794c485-d63e-464f-9c23-567cc44f17da.jpg?w=768 768w, https:\/\/i0.wp.com\/www.lookcomposites.com\/wp-content\/uploads\/2019\/03\/4794c485-d63e-464f-9c23-567cc44f17da.jpg?resize=150%2C150 150w, https:\/\/i0.wp.com\/www.lookcomposites.com\/wp-content\/uploads\/2019\/03\/4794c485-d63e-464f-9c23-567cc44f17da.jpg?resize=300%2C300 300w, https:\/\/i0.wp.com\/www.lookcomposites.com\/wp-content\/uploads\/2019\/03\/4794c485-d63e-464f-9c23-567cc44f17da.jpg?resize=79%2C79 79w\" sizes=\"auto, (max-width: 768px) 100vw, 768px\" data-recalc-dims=\"1\" \/><\/p>\n","protected":false},"excerpt":{"rendered":"<p>The Umbracle of the City of Arts and Sciences of Valencia has released a photographic point for tourists with a chain of giant letters of its name in the garden viewpoint, as a brand image and identifying element. &nbsp; &nbsp; &nbsp; &nbsp; The rest of the buildings of the complex will also install their name<\/p>\n","protected":false},"author":3,"featured_media":1428,"comment_status":"open","ping_status":"open","sticky":false,"template":"","format":"standard","meta":{"spay_email":"","footnotes":"","jetpack_publicize_message":"","jetpack_is_tweetstorm":false},"categories":[135],"tags":[],"class_list":["post-1441","post","type-post","status-publish","format-standard","has-post-thumbnail","hentry","category-news"],"jetpack_featured_media_url":"https:\/\/i2.wp.com\/www.lookcomposites.com\/wp-content\/uploads\/2019\/03\/5652b215-e7c0-46fc-bc01-11f854afc90e.jpg?fit=1600%2C675","jetpack_publicize_connections":[],"jetpack_sharing_enabled":true,"jetpack_shortlink":"https:\/\/wp.me\/pa0lgb-nf","jetpack-related-posts":[{"id":1443,"url":"http:\/\/www.lookcomposites.com\/?p=1443&lang=en","url_meta":{"origin":1441,"position":0},"title":"LAS PROVINCIAS: \"Start the installation of letters in the City of Arts of Valencia\"","date":"13 marzo, 2019","format":false,"excerpt":"The Palau de les Arts was the first building in which the text was placed. The city aims to form a photographic scenario for tourists, similar to other Spanish cities such as Gij\u00f3n and Vitoria Valencia has chosen to form, as already happens in other Spanish cities such as Gij\u00f3n\u2026","rel":"","context":"En \u00abNews\u00bb","img":{"alt_text":"","src":"https:\/\/i2.wp.com\/www.lookcomposites.com\/wp-content\/uploads\/2019\/03\/fab37abe-5130-488b-b22b-5a2670b2edfe.jpg?fit=768%2C550&resize=350%2C200","width":350,"height":200},"classes":[]},{"id":1326,"url":"http:\/\/www.lookcomposites.com\/?p=1326&lang=en","url_meta":{"origin":1441,"position":1},"title":"COMPOSITESANDARCHITECTURE.COM, FEBRUARY 2017: \"ARCHITECTURE AS ADVERTISEMENT\"","date":"25 enero, 2019","format":false,"excerpt":"In 2011, Composites World reported on an eye-catching project in Benidorm Spain, a very non-traditional fiberglass composite cladding for the Vista Riviera Hotel. Now named the Riviera Beachotel (despite the fact that it is a good three blocks away from Levante Beach), the tall, narrow hotel faces the world with\u2026","rel":"","context":"En \u00abNews\u00bb","img":{"alt_text":"","src":"https:\/\/i2.wp.com\/www.lookcomposites.com\/wp-content\/uploads\/2017\/10\/NEWS2.jpg?fit=880%2C231&resize=350%2C200","width":350,"height":200},"classes":[]},{"id":1318,"url":"http:\/\/www.lookcomposites.com\/?p=1318&lang=en","url_meta":{"origin":1441,"position":2},"title":"TIMEOUTDUBAI.COM, DECEMBER 2018: \"Michelin-starred chef Alain Ducasse launches a restaurant in Dubai\"","date":"25 enero, 2019","format":false,"excerpt":"Michelin-starred\u00a0chef\u00a0Alain Ducasse has opened up a restaurant in the UAE for the first time, and we can't wait to try it. miX by Alain Ducasse is now open at\u00a0Emerald Palace Kempinski Dubai\u00a0on Palm Jumeirah and\u00a0Time Out Dubai\u2019s been for a look around the massive space. And as you can see\u2026","rel":"","context":"En \u00abNews\u00bb","img":{"alt_text":"","src":"https:\/\/i1.wp.com\/www.lookcomposites.com\/wp-content\/uploads\/2018\/12\/1.png?fit=880%2C231&resize=350%2C200","width":350,"height":200},"classes":[]},{"id":1322,"url":"http:\/\/www.lookcomposites.com\/?p=1322&lang=en","url_meta":{"origin":1441,"position":3},"title":"COMPOSITESMANUFACTURINGMAGAZINE.COM, OCTOBER 2017: \"FERRARI LAND THEME PARK FEATURES ATTRACTIONS MADE WITH COMPOSITES\"","date":"25 enero, 2019","format":false,"excerpt":"According to a press release from UK supplier Scott Bader, the recently-opened Ferrari Land theme park in Spain features two main attractions made with composites: the \u201cFerrari Experience\u201d building\u00a0and \u201cRed Force,\u201d which is now Europe\u2019s tallest rollercoaster at over 112 meters tall. Both constructions were fabricated using a combination of\u2026","rel":"","context":"En \u00abNews\u00bb","img":{"alt_text":"","src":"https:\/\/i0.wp.com\/www.lookcomposites.com\/wp-content\/uploads\/2017\/10\/FERRARINEW.png?fit=880%2C231&resize=350%2C200","width":350,"height":200},"classes":[]},{"id":1332,"url":"http:\/\/www.lookcomposites.com\/?p=1332&lang=en","url_meta":{"origin":1441,"position":4},"title":"JECCOMPOSITES.COM, JUNE 2016: \"UNIVERSITY OF VALENCIA REFURBISHED WITH AN ALL COMPOSITE FIRE RATED CLADDING SYSTEM\"","date":"25 enero, 2019","format":false,"excerpt":"Three harbor buildings have been combined, redesigned and totally refurbished inside and out, now with a modern new fa\u00e7ade manufactured from a fire rated all composite system. Originally founded in 1499, the University of Valencia, located in the ancient coastal city on the Mediterranean Sea, is a thriving institution with\u2026","rel":"","context":"En \u00abNews\u00bb","img":{"alt_text":"","src":"https:\/\/i0.wp.com\/www.lookcomposites.com\/wp-content\/uploads\/2017\/02\/MININOTI1.png?fit=880%2C231&resize=350%2C200","width":350,"height":200},"classes":[]},{"id":1338,"url":"http:\/\/www.lookcomposites.com\/?p=1338&lang=en","url_meta":{"origin":1441,"position":5},"title":"SCOTT BADER, APRIL 2016: \"BUILDING REFURBISHMENT PROJECT BY MIRAPLAS S.L. USING CRESTAPOL\u00ae 1212 AND CRESTABOND\u00ae STRUCTURAL ADHESIVES\"","date":"25 enero, 2019","format":false,"excerpt":"University of Valencia EDEM Business School Refurbished with an All Composite EN Fire Rated Cladding System Using Crestapol\u00ae 1212 Resin \u00a0 Originally founded in 1499, the University of Valencia, located in the ancient coastal city on the Mediterranean Sea, is a thriving institution with three campuses, where elegant 15th century\u2026","rel":"","context":"En \u00abNews\u00bb","img":{"alt_text":"","src":"https:\/\/i1.wp.com\/www.lookcomposites.com\/wp-content\/uploads\/2016\/09\/2wp.png?fit=880%2C231&resize=350%2C200","width":350,"height":200},"classes":[]}],"_links":{"self":[{"href":"http:\/\/www.lookcomposites.com\/index.php?rest_route=\/wp\/v2\/posts\/1441","targetHints":{"allow":["GET"]}}],"collection":[{"href":"http:\/\/www.lookcomposites.com\/index.php?rest_route=\/wp\/v2\/posts"}],"about":[{"href":"http:\/\/www.lookcomposites.com\/index.php?rest_route=\/wp\/v2\/types\/post"}],"author":[{"embeddable":true,"href":"http:\/\/www.lookcomposites.com\/index.php?rest_route=\/wp\/v2\/users\/3"}],"replies":[{"embeddable":true,"href":"http:\/\/www.lookcomposites.com\/index.php?rest_route=%2Fwp%2Fv2%2Fcomments&post=1441"}],"version-history":[{"count":3,"href":"http:\/\/www.lookcomposites.com\/index.php?rest_route=\/wp\/v2\/posts\/1441\/revisions"}],"predecessor-version":[{"id":1448,"href":"http:\/\/www.lookcomposites.com\/index.php?rest_route=\/wp\/v2\/posts\/1441\/revisions\/1448"}],"wp:featuredmedia":[{"embeddable":true,"href":"http:\/\/www.lookcomposites.com\/index.php?rest_route=\/wp\/v2\/media\/1428"}],"wp:attachment":[{"href":"http:\/\/www.lookcomposites.com\/index.php?rest_route=%2Fwp%2Fv2%2Fmedia&parent=1441"}],"wp:term":[{"taxonomy":"category","embeddable":true,"href":"http:\/\/www.lookcomposites.com\/index.php?rest_route=%2Fwp%2Fv2%2Fcategories&post=1441"},{"taxonomy":"post_tag","embeddable":true,"href":"http:\/\/www.lookcomposites.com\/index.php?rest_route=%2Fwp%2Fv2%2Ftags&post=1441"}],"curies":[{"name":"wp","href":"https:\/\/api.w.org\/{rel}","templated":true}]}}